{"id":1277,"date":"2015-01-16T16:43:56","date_gmt":"2015-01-16T15:43:56","guid":{"rendered":"http:\/\/www.puigciutat.com\/?p=1277"},"modified":"2024-12-20T12:05:23","modified_gmt":"2024-12-20T11:05:23","slug":"vaso-ceramico-de-barniz-negro-de-cales","status":"publish","type":"post","link":"https:\/\/www.puigciutat.com\/es\/vaso-ceramico-de-barniz-negro-de-cales\/","title":{"rendered":"Vaso cer\u00e1mico de barniz negro de Cales"},"content":{"rendered":"<p><b>N\u00famero de inventario:<\/b> PC10-2005-4<br \/>\n<b>Nombre del objeto:<\/b> vaso o copa peque\u00f1a<br \/>\n<b>Material:<\/b> cer\u00e1mica<br \/>\n<b>Producci\u00f3n:<\/b> barniz negr de Cales<br \/>\n<b>Tipo:<\/b> vajilla<br \/>\n<b>Forma:<\/b> Lamb. 2<br \/>\n<b>Dimensiones:<\/b> altura: 4 cm. di\u00e1metro: 9,7 cm.<br \/>\n<b>Cronologia:<\/b> 125-25 aC.<br \/>\n<b>Campa\u00f1a:<\/b> julio 2010.<br \/>\n<b>Procedencia:<\/b> sector 2.<br \/>\n<b>Descripci\u00f3n:<\/b> Copa peque\u00f1a o vaso de pared c\u00f3ncava e inflexi\u00f3n marcada en la parte inferior de la pared. Sin decoraci\u00f3n. Utilizado para beber l\u00edquidos individualmente. Para m\u00e1s informaci\u00f3n pulsar <a title=\"bibliografia\" href=\"https:\/\/www.puigciutat.com\/recursos-en-linia\/bibliografia\/\">aqu\u00ed<\/a>.<\/p>\n","protected":false},"excerpt":{"rendered":"<p>N\u00famero de inventario: PC10-2005-4 Nombre del objeto: vaso o copa peque\u00f1a Material: cer\u00e1mica Producci\u00f3n: barniz negr de Cales Tipo: vajilla Forma: Lamb. 2 Dimensiones: altura: 4 cm. di\u00e1metro: 9,7 cm. Cronologia: 125-25 aC. Campa\u00f1a: julio 2010. Procedencia: sector 2. Descripci\u00f3n: Copa peque\u00f1a o vaso de pared c\u00f3ncava e inflexi\u00f3n marcada en la parte inferior de &hellip; <a href=\"https:\/\/www.puigciutat.com\/es\/vaso-ceramico-de-barniz-negro-de-cales\/\" class=\"more-link\">Continue reading <span class=\"screen-reader-text\">Vaso cer\u00e1mico de barniz negro de Cales<\/span> <span class=\"meta-nav\">&rarr;<\/span><\/a><\/p>\n","protected":false},"author":1,"featured_media":2213,"comment_status":"closed","ping_status":"open","sticky":false,"template":"","format":"standard","meta":{"footnotes":""},"categories":[29],"tags":[420,428,402,421,214,462,403,466,423,429,424,448,130,215,404,425,426,449,372,129,68,373,216,222,427,431],"class_list":["post-1277","post","type-post","status-publish","format-standard","has-post-thumbnail","hentry","category-objecte-es","tag-3d-es-2","tag-3d-es-es","tag-arqueologia-es-2","tag-arqueologia-es-es","tag-barniz","tag-cales-es","tag-ceramica-es","tag-copa-es","tag-fotogrametria-es-2","tag-fotogrametria-es-es","tag-model-es-2","tag-model-es-es","tag-museo","tag-negro","tag-puig-ciutat-es-2","tag-puig-ciutat-es-es","tag-republica-es-2","tag-republica-es-es","tag-restauracio-es","tag-restauracion","tag-romanos","tag-romans-es","tag-vajilla","tag-vaso","tag-virtual-es-2","tag-virtual-es-es"],"_links":{"self":[{"href":"https:\/\/www.puigciutat.com\/es\/wp-json\/wp\/v2\/posts\/1277","targetHints":{"allow":["GET"]}}],"collection":[{"href":"https:\/\/www.puigciutat.com\/es\/wp-json\/wp\/v2\/posts"}],"about":[{"href":"https:\/\/www.puigciutat.com\/es\/wp-json\/wp\/v2\/types\/post"}],"author":[{"embeddable":true,"href":"https:\/\/www.puigciutat.com\/es\/wp-json\/wp\/v2\/users\/1"}],"replies":[{"embeddable":true,"href":"https:\/\/www.puigciutat.com\/es\/wp-json\/wp\/v2\/comments?post=1277"}],"version-history":[{"count":3,"href":"https:\/\/www.puigciutat.com\/es\/wp-json\/wp\/v2\/posts\/1277\/revisions"}],"predecessor-version":[{"id":2963,"href":"https:\/\/www.puigciutat.com\/es\/wp-json\/wp\/v2\/posts\/1277\/revisions\/2963"}],"wp:featuredmedia":[{"embeddable":true,"href":"https:\/\/www.puigciutat.com\/es\/wp-json\/wp\/v2\/media\/2213"}],"wp:attachment":[{"href":"https:\/\/www.puigciutat.com\/es\/wp-json\/wp\/v2\/media?parent=1277"}],"wp:term":[{"taxonomy":"category","embeddable":true,"href":"https:\/\/www.puigciutat.com\/es\/wp-json\/wp\/v2\/categories?post=1277"},{"taxonomy":"post_tag","embeddable":true,"href":"https:\/\/www.puigciutat.com\/es\/wp-json\/wp\/v2\/tags?post=1277"}],"curies":[{"name":"wp","href":"https:\/\/api.w.org\/{rel}","templated":true}]}}