{"id":1738,"date":"2019-11-27T05:33:56","date_gmt":"2019-11-27T04:46:31","guid":{"rendered":"http:\/\/www.puigciutat.com\/?p=1738"},"modified":"2019-11-27T05:57:09","modified_gmt":"2019-11-27T04:57:09","slug":"el-edificio-4-el-ambito-4","status":"publish","type":"post","link":"https:\/\/www.puigciutat.com\/es\/el-edificio-4-el-ambito-4\/","title":{"rendered":"El edificio 4: el \u00e1mbito 4"},"content":{"rendered":"<p>La prospecci\u00f3n geof\u00edsica realizada al inicio del proyecto revel\u00f3, entre otros elementos, parte de la trama urbana del yacimiento. En el centro del campo de cultivo este se detect\u00f3 el edificio 4, una construcci\u00f3n de grandes dimensiones (cerca de 450 m2), de la cual destacaba un aposento en forma de \u00abC\u00bb (\u00e1mbito 4), que aparentemente hab\u00eda sido incendiada.<\/p>\n<p>Las campa\u00f1as de 2011 a 2013 se centraron en este \u00e1mbito y mostraron como en realidad se trata de un espacio cerrado, puesto que el muro este, m\u00e1s estrecho, profundo y construido con piedras m\u00e1s peque\u00f1as, no fue detectado por la geof\u00edsica. El \u00fanico acceso al \u00e1mbito se abre al lado sur.<\/p>\n<p>Las trazas de incendio tambi\u00e9n se pudieron corroborar durante las excavaciones, puesto que se encontraron varias vigas quemadas, probablemente procedentes de un altillo, ca\u00eddas encima de cer\u00e1micas. Entre el conjunto de cer\u00e1mica destaca una cratera de barniz negro procedente del actual Sicilia, que servir\u00eda para mezclar el vino y el agua. El l\u00edquido resultante ser\u00eda consumido con vasitos, tambi\u00e9n hechos de cer\u00e1mica, en este caso importados de la pen\u00ednsula It\u00e1lica.<\/p>\n<p>La presencia de estos elementos denota un cierto lujo, lo que hace considerar que el edificio podr\u00eda tener un papel relevante dentro del asentamiento, a pesar de que habr\u00e1 que esperar a futuras intervenciones para confirmarlo.<\/p>\n\n\t<div class=\"slideshow_container slideshow_container_style-light\" data-slideshow-id=\"1737\" data-style-name=\"style-light\" data-style-version=\"2.5.20\" >\n\t\t<div class=\"slideshow_loading_icon\"><\/div>\n\t\t<div class=\"slideshow_content\" style=\"display: none;\">\n\t\t\t<div class=\"slideshow_view\">\n\t\t\t\t<div class=\"slideshow_slide slideshow_slide_image\">\n\t\t\t\t\t\t\t\t\t\t\t<img src=\"https:\/\/www.puigciutat.com\/wp-content\/uploads\/P1170094.jpg\" alt=\"Aprendiendo a palear\" width=\"1040\" height=\"600\" \/>\n\t\t\t\t\t\t\t\t\t\t<div class=\"slideshow_description_box slideshow_transparent\">\n\t\t\t\t\t\t<div class=\"slideshow_title\">Aprendiendo a palear<\/div>\t\t\t\t\t\t<div class=\"slideshow_description\">Campa\u00f1a de excavaci\u00f3n de verano, en 2013<\/div>\t\t\t\t\t<\/div>\n\t\t\t\t<\/div>\n\n\t\t\t\t\t\t\t\t\t<\/div>\n\t\t\t<div class=\"slideshow_view\">\n\t\t\t\t<div class=\"slideshow_slide slideshow_slide_image\">\n\t\t\t\t\t\t\t\t\t\t\t<img src=\"https:\/\/www.puigciutat.com\/wp-content\/uploads\/P1170123.jpg\" alt=\"El llamado edificio de la \u00abC\u00bb, por los resultados a la prospecci\u00f3n geof\u00edsica\" width=\"1040\" height=\"600\" \/>\n\t\t\t\t\t\t\t\t\t\t<div class=\"slideshow_description_box slideshow_transparent\">\n\t\t\t\t\t\t<div class=\"slideshow_title\">El llamado edificio de la \u00abC\u00bb, por los resultados a la prospecci\u00f3n geof\u00edsica<\/div>\t\t\t\t\t\t\t\t\t\t\t<\/div>\n\t\t\t\t<\/div>\n\n\t\t\t\t\t\t\t\t\t<\/div>\n\t\t\t<div class=\"slideshow_view\">\n\t\t\t\t<div class=\"slideshow_slide slideshow_slide_image\">\n\t\t\t\t\t\t\t\t\t\t\t<img src=\"https:\/\/www.puigciutat.com\/wp-content\/uploads\/P1170167.jpg\" alt=\"Experimentando con los datos, los primeros pasos de la estaci\u00f3n total al yacimiento\" width=\"1040\" height=\"600\" \/>\n\t\t\t\t\t\t\t\t\t\t<div class=\"slideshow_description_box slideshow_transparent\">\n\t\t\t\t\t\t<div class=\"slideshow_title\">Experimentando con los datos, los primeros pasos de la estaci\u00f3n total al yacimiento<\/div>\t\t\t\t\t\t\t\t\t\t\t<\/div>\n\t\t\t\t<\/div>\n\n\t\t\t\t\t\t\t\t\t<\/div>\n\t\t\t<div class=\"slideshow_view\">\n\t\t\t\t<div class=\"slideshow_slide slideshow_slide_image\">\n\t\t\t\t\t\t\t\t\t\t\t<img src=\"https:\/\/www.puigciutat.com\/wp-content\/uploads\/P1170206.jpg\" alt=\"Falca de un pilar de apoyo del altillo\" width=\"1039\" height=\"600\" \/>\n\t\t\t\t\t\t\t\t\t\t<div class=\"slideshow_description_box slideshow_transparent\">\n\t\t\t\t\t\t<div class=\"slideshow_title\">Falca de un pilar de apoyo del altillo<\/div>\t\t\t\t\t\t\t\t\t\t\t<\/div>\n\t\t\t\t<\/div>\n\n\t\t\t\t\t\t\t\t\t<\/div>\n\t\t\t<div class=\"slideshow_view\">\n\t\t\t\t<div class=\"slideshow_slide slideshow_slide_image\">\n\t\t\t\t\t\t\t\t\t\t\t<img src=\"https:\/\/www.puigciutat.com\/wp-content\/uploads\/P1070288.jpg\" alt=\"\u00c1nfora aplastada entre dos vigas quemadas\" width=\"1038\" height=\"600\" \/>\n\t\t\t\t\t\t\t\t\t\t<div class=\"slideshow_description_box slideshow_transparent\">\n\t\t\t\t\t\t<div class=\"slideshow_title\">\u00c1nfora aplastada entre dos vigas quemadas<\/div>\t\t\t\t\t\t\t\t\t\t\t<\/div>\n\t\t\t\t<\/div>\n\n\t\t\t\t\t\t\t\t\t<\/div>\n\t\t\t<div class=\"slideshow_view\">\n\t\t\t\t<div class=\"slideshow_slide slideshow_slide_image\">\n\t\t\t\t\t\t\t\t\t\t\t<img src=\"https:\/\/www.puigciutat.com\/wp-content\/uploads\/PC010023.jpg\" alt=\"Aspecto del \u00e1mbito al finalizar su excavaci\u00f3n\" width=\"1039\" height=\"600\" \/>\n\t\t\t\t\t\t\t\t\t\t<div class=\"slideshow_description_box slideshow_transparent\">\n\t\t\t\t\t\t<div class=\"slideshow_title\">Aspecto del \u00e1mbito al finalizar su excavaci\u00f3n<\/div>\t\t\t\t\t\t\t\t\t\t\t<\/div>\n\t\t\t\t<\/div>\n\n\t\t\t\t\t\t\t\t\t<\/div>\n\t\t<\/div>\n\t\t<div class=\"slideshow_controlPanel slideshow_transparent\" style=\"display: none;\"><ul><li class=\"slideshow_togglePlay\" data-play-text=\"Play\" data-pause-text=\"Pause\"><\/li><\/ul><\/div>\n\t\t<div class=\"slideshow_button slideshow_previous slideshow_transparent\" role=\"button\" data-previous-text=\"Previous\" style=\"display: none;\"><\/div>\n\t\t<div class=\"slideshow_button slideshow_next slideshow_transparent\" role=\"button\" data-next-text=\"Next\" style=\"display: none;\"><\/div>\n\t\t<div class=\"slideshow_pagination\" style=\"display: none;\" data-go-to-text=\"Go to slide\"><div class=\"slideshow_pagination_center\"><\/div><\/div>\n\t<\/div>\n\n\n","protected":false},"excerpt":{"rendered":"<p>La prospecci\u00f3n geof\u00edsica realizada al inicio del proyecto revel\u00f3, entre otros elementos, parte de la trama urbana del yacimiento. En el centro del campo de cultivo este se detect\u00f3 el edificio 4, una construcci\u00f3n de grandes dimensiones (cerca de 450 m2), de la cual destacaba un aposento en forma de \u00abC\u00bb (\u00e1mbito 4), que aparentemente &hellip; <a href=\"https:\/\/www.puigciutat.com\/es\/el-edificio-4-el-ambito-4\/\" class=\"more-link\">Continue reading <span class=\"screen-reader-text\">El edificio 4: el \u00e1mbito 4<\/span> <span class=\"meta-nav\">&rarr;<\/span><\/a><\/p>\n","protected":false},"author":1,"featured_media":0,"comment_status":"closed","ping_status":"open","sticky":false,"template":"","format":"standard","meta":{"footnotes":""},"categories":[24],"tags":[],"class_list":["post-1738","post","type-post","status-publish","format-standard","hentry","category-zona-dexcavacio-2"],"_links":{"self":[{"href":"https:\/\/www.puigciutat.com\/es\/wp-json\/wp\/v2\/posts\/1738","targetHints":{"allow":["GET"]}}],"collection":[{"href":"https:\/\/www.puigciutat.com\/es\/wp-json\/wp\/v2\/posts"}],"about":[{"href":"https:\/\/www.puigciutat.com\/es\/wp-json\/wp\/v2\/types\/post"}],"author":[{"embeddable":true,"href":"https:\/\/www.puigciutat.com\/es\/wp-json\/wp\/v2\/users\/1"}],"replies":[{"embeddable":true,"href":"https:\/\/www.puigciutat.com\/es\/wp-json\/wp\/v2\/comments?post=1738"}],"version-history":[{"count":1,"href":"https:\/\/www.puigciutat.com\/es\/wp-json\/wp\/v2\/posts\/1738\/revisions"}],"predecessor-version":[{"id":1739,"href":"https:\/\/www.puigciutat.com\/es\/wp-json\/wp\/v2\/posts\/1738\/revisions\/1739"}],"wp:attachment":[{"href":"https:\/\/www.puigciutat.com\/es\/wp-json\/wp\/v2\/media?parent=1738"}],"wp:term":[{"taxonomy":"category","embeddable":true,"href":"https:\/\/www.puigciutat.com\/es\/wp-json\/wp\/v2\/categories?post=1738"},{"taxonomy":"post_tag","embeddable":true,"href":"https:\/\/www.puigciutat.com\/es\/wp-json\/wp\/v2\/tags?post=1738"}],"curies":[{"name":"wp","href":"https:\/\/api.w.org\/{rel}","templated":true}]}}